{"id":16944,"date":"2022-10-06T09:57:50","date_gmt":"2022-10-06T08:57:50","guid":{"rendered":"https:\/\/www.premiumline-cabling.com\/premium-line-on-light-building-autumn-edition-after-event-note\/"},"modified":"2022-10-18T15:20:35","modified_gmt":"2022-10-18T14:20:35","slug":"premium-line-on-light-building-autumn-edition-after-event-note","status":"publish","type":"post","link":"https:\/\/premiumline-cabling.com\/de\/premium-line-on-light-building-autumn-edition-after-event-note\/","title":{"rendered":"Premium-Line auf Light + Building Herbstausgabe. Nachlese!"},"content":{"rendered":"<p><span lang=\"en-US\"><noscript><img decoding=\"async\" class=\"wp-image-16828 alignleft\" src=\"https:\/\/premiumline-cabling.com\/wp-content\/uploads\/2022\/10\/Final-News-cover_Light-and-Bildung_team-300x209.jpg\" alt width=\"350\" height=\"244\" srcset=\"https:\/\/premiumline-cabling.com\/wp-content\/uploads\/2022\/10\/Final-News-cover_Light-and-Bildung_team-300x209.jpg 300w, https:\/\/premiumline-cabling.com\/wp-content\/uploads\/2022\/10\/Final-News-cover_Light-and-Bildung_team-768x535.jpg 768w, https:\/\/premiumline-cabling.com\/wp-content\/uploads\/2022\/10\/Final-News-cover_Light-and-Bildung_team.jpg 900w\" sizes=\"(max-width: 350px) 100vw, 350px\"><\/noscript><img decoding=\"async\" class=\"wp-image-16828 alignleft lazyload\" src=\"data:image\/svg+xml,%3Csvg%20xmlns%3D%22http%3A%2F%2Fwww.w3.org%2F2000%2Fsvg%22%20viewBox%3D%220%200%20350%20244%22%3E%3C%2Fsvg%3E\" alt width=\"350\" height=\"244\" srcset=\"data:image\/svg+xml,%3Csvg%20xmlns%3D%22http%3A%2F%2Fwww.w3.org%2F2000%2Fsvg%22%20viewBox%3D%220%200%20350%20244%22%3E%3C%2Fsvg%3E 350w\" sizes=\"(max-width: 350px) 100vw, 350px\" data-srcset=\"https:\/\/premiumline-cabling.com\/wp-content\/uploads\/2022\/10\/Final-News-cover_Light-and-Bildung_team-300x209.jpg 300w, https:\/\/premiumline-cabling.com\/wp-content\/uploads\/2022\/10\/Final-News-cover_Light-and-Bildung_team-768x535.jpg 768w, https:\/\/premiumline-cabling.com\/wp-content\/uploads\/2022\/10\/Final-News-cover_Light-and-Bildung_team.jpg 900w\" data-src=\"https:\/\/premiumline-cabling.com\/wp-content\/uploads\/2022\/10\/Final-News-cover_Light-and-Bildung_team-300x209.jpg\"><\/span><\/p>\n<p>Vom 2. bis 6. Oktober 2022 fand Light + Building Autumn Edition in Frankfurt am Main statt. Schwerpunkte und Themenschwerpunkte waren die wichtigsten Design- und Konstruktionstrends, Intelligenz, vernetzte L\u00f6sungen und zukunftsweisende Technologien.<\/p>\n<p>\u00dcber 1.500 Aussteller aus 46 L\u00e4ndern nahmen an der Messe teil und pr\u00e4sentierten ihre Innovationen auf dem Branchentreff. Viele davon sind Marktf\u00fchrer, die die neuesten Produkte aus den Bereichen Beleuchtung, Elektrotechnik, Haus- und Geb\u00e4udeautomation sowie vernetzte Sicherheitstechnik zeigten.<\/p>\n<p>Auch das Team der Premium-Line Systems GmbH war mit einem Stand vor Ort. Wir zeigten unsere relevantesten L\u00f6sungen wie mehrfarbige <a href=\"https:\/\/premiumline-cabling.com\/de\/product_category\/neu-slim-line-patchkabel\/\" target=\"_blank\" rel=\"noopener\">Slim-Line-Patchkabel<\/a>, <a href=\"https:\/\/premiumline-cabling.com\/de\/product_category\/fiber-optics\/\" target=\"_blank\" rel=\"noopener\">LWL-Patchkabel LC Uniboot Push-Pull<\/a>, <a href=\"https:\/\/premiumline-cabling.com\/de\/product_category\/fttx\/\" target=\"_blank\" rel=\"noopener\">FTTx-L\u00f6sungen<\/a>, <a href=\"https:\/\/premiumline-cabling.com\/de\/product\/fiber-optic-high-density-patch-panel\/\" target=\"_blank\" rel=\"noopener\">Kassette f\u00fcr HD-LWL-Panel<\/a>, <a href=\"https:\/\/premiumline-cabling.com\/de\/product\/angled-shielded-patch-panel-1u-24\/\">Winkel<\/a> &#8211; und <a href=\"https:\/\/premiumline-cabling.com\/de\/product\/hybrid-patch-panel\/\" target=\"_blank\" rel=\"noopener\">Hybridpanels<\/a> und andere. Zudem f\u00fchrten wir eine Live-Installation vor, die POE getestet wurde. <em>Dazu wurden <a href=\"https:\/\/aem-test.com\/\" target=\"_blank\" rel=\"noopener\">AEM TestPro<\/a> auf unserem Stand pr\u00e4sentiert. AEM TestPro ist der vern\u00fcnftige, spezialisierte Tester, der entwickelt wurde, um sicherzustellen, dass die digitale Netzwerkinfrastruktur vollst\u00e4ndig qualifiziert ist, um die Anforderungen von IoT-verbundenen Ger\u00e4ten zu unterst\u00fctzen<\/em>.<\/p>\n<p>F\u00fcr uns war es wichtig, unsere Partner aus Europa wieder pers\u00f6nlich zu treffen.<\/p>\n<p>Hier finden Sie unser After-Event-Video.<\/p>\n<p><iframe title=\"Premium-Line on Light + Building Autumn Edition.  After event note!\" width=\"500\" height=\"281\" src=\"https:\/\/www.youtube.com\/embed\/iBToWfNK6ho?feature=oembed\" frameborder=\"0\" allow=\"accelerometer; autoplay; clipboard-write; encrypted-media; gyroscope; picture-in-picture; web-share\" referrerpolicy=\"strict-origin-when-cross-origin\" allowfullscreen><\/iframe><\/p>\n<p>&nbsp;<\/p>\n","protected":false},"excerpt":{"rendered":"<p>Vom 2. bis 6. Oktober 2022 fand Light + Building Autumn Edition in Frankfurt am Main statt. Schwerpunkte und Themenschwerpunkte waren die wichtigsten Design- und Konstruktionstrends, Intelligenz, vernetzte L\u00f6sungen und&#8230;<\/p>\n","protected":false},"author":1890,"featured_media":16817,"comment_status":"open","ping_status":"open","sticky":false,"template":"","format":"standard","meta":{"footnotes":""},"categories":[1],"tags":[],"class_list":["post-16944","post","type-post","status-publish","format-standard","has-post-thumbnail","hentry","category-bez-rubriki"],"yoast_head":"<!-- This site is optimized with the Yoast SEO plugin v27.4 - https:\/\/yoast.com\/product\/yoast-seo-wordpress\/ -->\n<title>Premium-Line auf Light + Building Herbstausgabe. Nachlese! - Premium-Line<\/title>\n<meta name=\"description\" content=\"Vom 2. bis 6. Oktober 2022 fand Light + Building Autumn Edition in Frankfurt am Main statt.\" \/>\n<meta name=\"robots\" content=\"index, follow, max-snippet:-1, max-image-preview:large, max-video-preview:-1\" \/>\n<link rel=\"canonical\" href=\"https:\/\/premiumline-cabling.com\/de\/premium-line-on-light-building-autumn-edition-after-event-note\/\" \/>\n<meta property=\"og:locale\" content=\"de_DE\" \/>\n<meta property=\"og:type\" content=\"article\" \/>\n<meta property=\"og:title\" content=\"Premium-Line auf Light + Building Herbstausgabe. Nachlese! - Premium-Line\" \/>\n<meta property=\"og:description\" content=\"Vom 2. bis 6. Oktober 2022 fand Light + Building Autumn Edition in Frankfurt am Main statt.\" \/>\n<meta property=\"og:url\" content=\"https:\/\/premiumline-cabling.com\/de\/premium-line-on-light-building-autumn-edition-after-event-note\/\" \/>\n<meta property=\"og:site_name\" content=\"Premium-Line\" \/>\n<meta property=\"article:published_time\" content=\"2022-10-06T08:57:50+00:00\" \/>\n<meta property=\"article:modified_time\" content=\"2022-10-18T14:20:35+00:00\" \/>\n<meta property=\"og:image\" content=\"https:\/\/premiumline-cabling.com\/wp-content\/uploads\/2022\/10\/Final-News-cover_Light-and-Bildung_FB.jpg\" \/>\n\t<meta property=\"og:image:width\" content=\"1200\" \/>\n\t<meta property=\"og:image:height\" content=\"627\" \/>\n\t<meta property=\"og:image:type\" content=\"image\/jpeg\" \/>\n<meta name=\"author\" content=\"Iryna Kashyna\" \/>\n<meta name=\"twitter:card\" content=\"summary_large_image\" \/>\n<meta name=\"twitter:label1\" content=\"Verfasst von\" \/>\n\t<meta name=\"twitter:data1\" content=\"Iryna Kashyna\" \/>\n\t<meta name=\"twitter:label2\" content=\"Gesch\u00e4tzte Lesezeit\" \/>\n\t<meta name=\"twitter:data2\" content=\"1\u00a0Minute\" \/>\n<script type=\"application\/ld+json\" class=\"yoast-schema-graph\">{\"@context\":\"https:\\\/\\\/schema.org\",\"@graph\":[{\"@type\":\"Article\",\"@id\":\"https:\\\/\\\/premiumline-cabling.com\\\/de\\\/premium-line-on-light-building-autumn-edition-after-event-note\\\/#article\",\"isPartOf\":{\"@id\":\"https:\\\/\\\/premiumline-cabling.com\\\/de\\\/premium-line-on-light-building-autumn-edition-after-event-note\\\/\"},\"author\":{\"name\":\"Iryna Kashyna\",\"@id\":\"https:\\\/\\\/premiumline-cabling.com\\\/#\\\/schema\\\/person\\\/75e36912d001b6958480e15df622e73d\"},\"headline\":\"Premium-Line auf Light + Building Herbstausgabe. Nachlese!\",\"datePublished\":\"2022-10-06T08:57:50+00:00\",\"dateModified\":\"2022-10-18T14:20:35+00:00\",\"mainEntityOfPage\":{\"@id\":\"https:\\\/\\\/premiumline-cabling.com\\\/de\\\/premium-line-on-light-building-autumn-edition-after-event-note\\\/\"},\"wordCount\":193,\"commentCount\":0,\"publisher\":{\"@id\":\"https:\\\/\\\/premiumline-cabling.com\\\/#organization\"},\"image\":{\"@id\":\"https:\\\/\\\/premiumline-cabling.com\\\/de\\\/premium-line-on-light-building-autumn-edition-after-event-note\\\/#primaryimage\"},\"thumbnailUrl\":\"https:\\\/\\\/premiumline-cabling.com\\\/wp-content\\\/uploads\\\/2022\\\/10\\\/PL_img_Participation-Light-and-Building_main.jpg\",\"articleSection\":[\"\u0411\u0435\u0437 \u0440\u0443\u0431\u0440\u0438\u043a\u0438\"],\"inLanguage\":\"de\",\"potentialAction\":[{\"@type\":\"CommentAction\",\"name\":\"Comment\",\"target\":[\"https:\\\/\\\/premiumline-cabling.com\\\/de\\\/premium-line-on-light-building-autumn-edition-after-event-note\\\/#respond\"]}]},{\"@type\":\"WebPage\",\"@id\":\"https:\\\/\\\/premiumline-cabling.com\\\/de\\\/premium-line-on-light-building-autumn-edition-after-event-note\\\/\",\"url\":\"https:\\\/\\\/premiumline-cabling.com\\\/de\\\/premium-line-on-light-building-autumn-edition-after-event-note\\\/\",\"name\":\"Premium-Line auf Light + Building Herbstausgabe. Nachlese! - Premium-Line\",\"isPartOf\":{\"@id\":\"https:\\\/\\\/premiumline-cabling.com\\\/#website\"},\"primaryImageOfPage\":{\"@id\":\"https:\\\/\\\/premiumline-cabling.com\\\/de\\\/premium-line-on-light-building-autumn-edition-after-event-note\\\/#primaryimage\"},\"image\":{\"@id\":\"https:\\\/\\\/premiumline-cabling.com\\\/de\\\/premium-line-on-light-building-autumn-edition-after-event-note\\\/#primaryimage\"},\"thumbnailUrl\":\"https:\\\/\\\/premiumline-cabling.com\\\/wp-content\\\/uploads\\\/2022\\\/10\\\/PL_img_Participation-Light-and-Building_main.jpg\",\"datePublished\":\"2022-10-06T08:57:50+00:00\",\"dateModified\":\"2022-10-18T14:20:35+00:00\",\"description\":\"Vom 2. bis 6. Oktober 2022 fand Light + Building Autumn Edition in Frankfurt am Main statt.\",\"breadcrumb\":{\"@id\":\"https:\\\/\\\/premiumline-cabling.com\\\/de\\\/premium-line-on-light-building-autumn-edition-after-event-note\\\/#breadcrumb\"},\"inLanguage\":\"de\",\"potentialAction\":[{\"@type\":\"ReadAction\",\"target\":[\"https:\\\/\\\/premiumline-cabling.com\\\/de\\\/premium-line-on-light-building-autumn-edition-after-event-note\\\/\"]}]},{\"@type\":\"ImageObject\",\"inLanguage\":\"de\",\"@id\":\"https:\\\/\\\/premiumline-cabling.com\\\/de\\\/premium-line-on-light-building-autumn-edition-after-event-note\\\/#primaryimage\",\"url\":\"https:\\\/\\\/premiumline-cabling.com\\\/wp-content\\\/uploads\\\/2022\\\/10\\\/PL_img_Participation-Light-and-Building_main.jpg\",\"contentUrl\":\"https:\\\/\\\/premiumline-cabling.com\\\/wp-content\\\/uploads\\\/2022\\\/10\\\/PL_img_Participation-Light-and-Building_main.jpg\",\"width\":382,\"height\":214},{\"@type\":\"BreadcrumbList\",\"@id\":\"https:\\\/\\\/premiumline-cabling.com\\\/de\\\/premium-line-on-light-building-autumn-edition-after-event-note\\\/#breadcrumb\",\"itemListElement\":[{\"@type\":\"ListItem\",\"position\":1,\"name\":\"\u0413\u043b\u0430\u0432\u043d\u0430\u044f \u0441\u0442\u0440\u0430\u043d\u0438\u0446\u0430\",\"item\":\"https:\\\/\\\/premiumline-cabling.com\\\/de\\\/\"},{\"@type\":\"ListItem\",\"position\":2,\"name\":\"Premium-Line auf Light + Building Herbstausgabe. Nachlese!\"}]},{\"@type\":\"WebSite\",\"@id\":\"https:\\\/\\\/premiumline-cabling.com\\\/#website\",\"url\":\"https:\\\/\\\/premiumline-cabling.com\\\/\",\"name\":\"Premium-Line\",\"description\":\"Structured Cabling System\",\"publisher\":{\"@id\":\"https:\\\/\\\/premiumline-cabling.com\\\/#organization\"},\"potentialAction\":[{\"@type\":\"SearchAction\",\"target\":{\"@type\":\"EntryPoint\",\"urlTemplate\":\"https:\\\/\\\/premiumline-cabling.com\\\/?s={search_term_string}\"},\"query-input\":{\"@type\":\"PropertyValueSpecification\",\"valueRequired\":true,\"valueName\":\"search_term_string\"}}],\"inLanguage\":\"de\"},{\"@type\":\"Organization\",\"@id\":\"https:\\\/\\\/premiumline-cabling.com\\\/#organization\",\"name\":\"Premium-Line\",\"url\":\"https:\\\/\\\/premiumline-cabling.com\\\/\",\"logo\":{\"@type\":\"ImageObject\",\"inLanguage\":\"de\",\"@id\":\"https:\\\/\\\/premiumline-cabling.com\\\/#\\\/schema\\\/logo\\\/image\\\/\",\"url\":\"https:\\\/\\\/premiumline-cabling.com\\\/wp-content\\\/uploads\\\/2019\\\/04\\\/cropped-img_logo_site_Premium-Line.png\",\"contentUrl\":\"https:\\\/\\\/premiumline-cabling.com\\\/wp-content\\\/uploads\\\/2019\\\/04\\\/cropped-img_logo_site_Premium-Line.png\",\"width\":190,\"height\":62,\"caption\":\"Premium-Line\"},\"image\":{\"@id\":\"https:\\\/\\\/premiumline-cabling.com\\\/#\\\/schema\\\/logo\\\/image\\\/\"}},{\"@type\":\"Person\",\"@id\":\"https:\\\/\\\/premiumline-cabling.com\\\/#\\\/schema\\\/person\\\/75e36912d001b6958480e15df622e73d\",\"name\":\"Iryna Kashyna\",\"image\":{\"@type\":\"ImageObject\",\"inLanguage\":\"de\",\"@id\":\"https:\\\/\\\/secure.gravatar.com\\\/avatar\\\/ffa7f5dc1f2d99e504824fbcb2bb210f25517a0d9ab486221c6d07f8e776e90e?s=96&d=mm&r=g\",\"url\":\"https:\\\/\\\/secure.gravatar.com\\\/avatar\\\/ffa7f5dc1f2d99e504824fbcb2bb210f25517a0d9ab486221c6d07f8e776e90e?s=96&d=mm&r=g\",\"contentUrl\":\"https:\\\/\\\/secure.gravatar.com\\\/avatar\\\/ffa7f5dc1f2d99e504824fbcb2bb210f25517a0d9ab486221c6d07f8e776e90e?s=96&d=mm&r=g\",\"caption\":\"Iryna Kashyna\"},\"url\":\"https:\\\/\\\/premiumline-cabling.com\\\/de\\\/author\\\/irishcash\\\/\"}]}<\/script>\n<!-- \/ Yoast SEO plugin. -->","yoast_head_json":{"title":"Premium-Line auf Light + Building Herbstausgabe. Nachlese! - Premium-Line","description":"Vom 2. bis 6. Oktober 2022 fand Light + Building Autumn Edition in Frankfurt am Main statt.","robots":{"index":"index","follow":"follow","max-snippet":"max-snippet:-1","max-image-preview":"max-image-preview:large","max-video-preview":"max-video-preview:-1"},"canonical":"https:\/\/premiumline-cabling.com\/de\/premium-line-on-light-building-autumn-edition-after-event-note\/","og_locale":"de_DE","og_type":"article","og_title":"Premium-Line auf Light + Building Herbstausgabe. Nachlese! - Premium-Line","og_description":"Vom 2. bis 6. Oktober 2022 fand Light + Building Autumn Edition in Frankfurt am Main statt.","og_url":"https:\/\/premiumline-cabling.com\/de\/premium-line-on-light-building-autumn-edition-after-event-note\/","og_site_name":"Premium-Line","article_published_time":"2022-10-06T08:57:50+00:00","article_modified_time":"2022-10-18T14:20:35+00:00","og_image":[{"width":1200,"height":627,"url":"https:\/\/premiumline-cabling.com\/wp-content\/uploads\/2022\/10\/Final-News-cover_Light-and-Bildung_FB.jpg","type":"image\/jpeg"}],"author":"Iryna Kashyna","twitter_card":"summary_large_image","twitter_misc":{"Verfasst von":"Iryna Kashyna","Gesch\u00e4tzte Lesezeit":"1\u00a0Minute"},"schema":{"@context":"https:\/\/schema.org","@graph":[{"@type":"Article","@id":"https:\/\/premiumline-cabling.com\/de\/premium-line-on-light-building-autumn-edition-after-event-note\/#article","isPartOf":{"@id":"https:\/\/premiumline-cabling.com\/de\/premium-line-on-light-building-autumn-edition-after-event-note\/"},"author":{"name":"Iryna Kashyna","@id":"https:\/\/premiumline-cabling.com\/#\/schema\/person\/75e36912d001b6958480e15df622e73d"},"headline":"Premium-Line auf Light + Building Herbstausgabe. Nachlese!","datePublished":"2022-10-06T08:57:50+00:00","dateModified":"2022-10-18T14:20:35+00:00","mainEntityOfPage":{"@id":"https:\/\/premiumline-cabling.com\/de\/premium-line-on-light-building-autumn-edition-after-event-note\/"},"wordCount":193,"commentCount":0,"publisher":{"@id":"https:\/\/premiumline-cabling.com\/#organization"},"image":{"@id":"https:\/\/premiumline-cabling.com\/de\/premium-line-on-light-building-autumn-edition-after-event-note\/#primaryimage"},"thumbnailUrl":"https:\/\/premiumline-cabling.com\/wp-content\/uploads\/2022\/10\/PL_img_Participation-Light-and-Building_main.jpg","articleSection":["\u0411\u0435\u0437 \u0440\u0443\u0431\u0440\u0438\u043a\u0438"],"inLanguage":"de","potentialAction":[{"@type":"CommentAction","name":"Comment","target":["https:\/\/premiumline-cabling.com\/de\/premium-line-on-light-building-autumn-edition-after-event-note\/#respond"]}]},{"@type":"WebPage","@id":"https:\/\/premiumline-cabling.com\/de\/premium-line-on-light-building-autumn-edition-after-event-note\/","url":"https:\/\/premiumline-cabling.com\/de\/premium-line-on-light-building-autumn-edition-after-event-note\/","name":"Premium-Line auf Light + Building Herbstausgabe. Nachlese! - Premium-Line","isPartOf":{"@id":"https:\/\/premiumline-cabling.com\/#website"},"primaryImageOfPage":{"@id":"https:\/\/premiumline-cabling.com\/de\/premium-line-on-light-building-autumn-edition-after-event-note\/#primaryimage"},"image":{"@id":"https:\/\/premiumline-cabling.com\/de\/premium-line-on-light-building-autumn-edition-after-event-note\/#primaryimage"},"thumbnailUrl":"https:\/\/premiumline-cabling.com\/wp-content\/uploads\/2022\/10\/PL_img_Participation-Light-and-Building_main.jpg","datePublished":"2022-10-06T08:57:50+00:00","dateModified":"2022-10-18T14:20:35+00:00","description":"Vom 2. bis 6. Oktober 2022 fand Light + Building Autumn Edition in Frankfurt am Main statt.","breadcrumb":{"@id":"https:\/\/premiumline-cabling.com\/de\/premium-line-on-light-building-autumn-edition-after-event-note\/#breadcrumb"},"inLanguage":"de","potentialAction":[{"@type":"ReadAction","target":["https:\/\/premiumline-cabling.com\/de\/premium-line-on-light-building-autumn-edition-after-event-note\/"]}]},{"@type":"ImageObject","inLanguage":"de","@id":"https:\/\/premiumline-cabling.com\/de\/premium-line-on-light-building-autumn-edition-after-event-note\/#primaryimage","url":"https:\/\/premiumline-cabling.com\/wp-content\/uploads\/2022\/10\/PL_img_Participation-Light-and-Building_main.jpg","contentUrl":"https:\/\/premiumline-cabling.com\/wp-content\/uploads\/2022\/10\/PL_img_Participation-Light-and-Building_main.jpg","width":382,"height":214},{"@type":"BreadcrumbList","@id":"https:\/\/premiumline-cabling.com\/de\/premium-line-on-light-building-autumn-edition-after-event-note\/#breadcrumb","itemListElement":[{"@type":"ListItem","position":1,"name":"\u0413\u043b\u0430\u0432\u043d\u0430\u044f \u0441\u0442\u0440\u0430\u043d\u0438\u0446\u0430","item":"https:\/\/premiumline-cabling.com\/de\/"},{"@type":"ListItem","position":2,"name":"Premium-Line auf Light + Building Herbstausgabe. Nachlese!"}]},{"@type":"WebSite","@id":"https:\/\/premiumline-cabling.com\/#website","url":"https:\/\/premiumline-cabling.com\/","name":"Premium-Line","description":"Structured Cabling System","publisher":{"@id":"https:\/\/premiumline-cabling.com\/#organization"},"potentialAction":[{"@type":"SearchAction","target":{"@type":"EntryPoint","urlTemplate":"https:\/\/premiumline-cabling.com\/?s={search_term_string}"},"query-input":{"@type":"PropertyValueSpecification","valueRequired":true,"valueName":"search_term_string"}}],"inLanguage":"de"},{"@type":"Organization","@id":"https:\/\/premiumline-cabling.com\/#organization","name":"Premium-Line","url":"https:\/\/premiumline-cabling.com\/","logo":{"@type":"ImageObject","inLanguage":"de","@id":"https:\/\/premiumline-cabling.com\/#\/schema\/logo\/image\/","url":"https:\/\/premiumline-cabling.com\/wp-content\/uploads\/2019\/04\/cropped-img_logo_site_Premium-Line.png","contentUrl":"https:\/\/premiumline-cabling.com\/wp-content\/uploads\/2019\/04\/cropped-img_logo_site_Premium-Line.png","width":190,"height":62,"caption":"Premium-Line"},"image":{"@id":"https:\/\/premiumline-cabling.com\/#\/schema\/logo\/image\/"}},{"@type":"Person","@id":"https:\/\/premiumline-cabling.com\/#\/schema\/person\/75e36912d001b6958480e15df622e73d","name":"Iryna Kashyna","image":{"@type":"ImageObject","inLanguage":"de","@id":"https:\/\/secure.gravatar.com\/avatar\/ffa7f5dc1f2d99e504824fbcb2bb210f25517a0d9ab486221c6d07f8e776e90e?s=96&d=mm&r=g","url":"https:\/\/secure.gravatar.com\/avatar\/ffa7f5dc1f2d99e504824fbcb2bb210f25517a0d9ab486221c6d07f8e776e90e?s=96&d=mm&r=g","contentUrl":"https:\/\/secure.gravatar.com\/avatar\/ffa7f5dc1f2d99e504824fbcb2bb210f25517a0d9ab486221c6d07f8e776e90e?s=96&d=mm&r=g","caption":"Iryna Kashyna"},"url":"https:\/\/premiumline-cabling.com\/de\/author\/irishcash\/"}]}},"_links":{"self":[{"href":"https:\/\/premiumline-cabling.com\/de\/wp-json\/wp\/v2\/posts\/16944","targetHints":{"allow":["GET"]}}],"collection":[{"href":"https:\/\/premiumline-cabling.com\/de\/wp-json\/wp\/v2\/posts"}],"about":[{"href":"https:\/\/premiumline-cabling.com\/de\/wp-json\/wp\/v2\/types\/post"}],"author":[{"embeddable":true,"href":"https:\/\/premiumline-cabling.com\/de\/wp-json\/wp\/v2\/users\/1890"}],"replies":[{"embeddable":true,"href":"https:\/\/premiumline-cabling.com\/de\/wp-json\/wp\/v2\/comments?post=16944"}],"version-history":[{"count":3,"href":"https:\/\/premiumline-cabling.com\/de\/wp-json\/wp\/v2\/posts\/16944\/revisions"}],"predecessor-version":[{"id":16947,"href":"https:\/\/premiumline-cabling.com\/de\/wp-json\/wp\/v2\/posts\/16944\/revisions\/16947"}],"wp:featuredmedia":[{"embeddable":true,"href":"https:\/\/premiumline-cabling.com\/de\/wp-json\/wp\/v2\/media\/16817"}],"wp:attachment":[{"href":"https:\/\/premiumline-cabling.com\/de\/wp-json\/wp\/v2\/media?parent=16944"}],"wp:term":[{"taxonomy":"category","embeddable":true,"href":"https:\/\/premiumline-cabling.com\/de\/wp-json\/wp\/v2\/categories?post=16944"},{"taxonomy":"post_tag","embeddable":true,"href":"https:\/\/premiumline-cabling.com\/de\/wp-json\/wp\/v2\/tags?post=16944"}],"curies":[{"name":"wp","href":"https:\/\/api.w.org\/{rel}","templated":true}]}}